{"id":17558,"date":"2025-02-11T12:12:58","date_gmt":"2025-02-11T12:12:58","guid":{"rendered":"https:\/\/lezio.com\/blog\/?p=17558"},"modified":"2025-08-11T09:51:00","modified_gmt":"2025-08-11T09:51:00","slug":"pulapki-rozwoju-osobistego-czy-rozwoj-zawsze-prowadzi-do-celu","status":"publish","type":"post","link":"https:\/\/lezio.com\/blog\/pulapki-rozwoju-osobistego-czy-rozwoj-zawsze-prowadzi-do-celu\/","title":{"rendered":"Pu\u0142apki rozwoju osobistego: czy rozw\u00f3j zawsze prowadzi do celu?"},"content":{"rendered":"\t\t<div data-elementor-type=\"wp-post\" data-elementor-id=\"17558\" class=\"elementor elementor-17558\" data-elementor-post-type=\"post\">\n\t\t\t\t\t\t<section class=\"elementor-section elementor-top-section elementor-element elementor-element-1fb7cc19 elementor-section-boxed elementor-section-height-default elementor-section-height-default\" data-id=\"1fb7cc19\" data-element_type=\"section\">\n\t\t\t\t\t\t<div class=\"elementor-container elementor-column-gap-default\">\n\t\t\t\t\t<div class=\"elementor-column elementor-col-100 elementor-top-column elementor-element elementor-element-1345bde7\" data-id=\"1345bde7\" data-element_type=\"column\">\n\t\t\t<div class=\"elementor-widget-wrap elementor-element-populated\">\n\t\t\t\t\t\t<div class=\"elementor-element elementor-element-29a3f78f elementor-widget elementor-widget-text-editor\" data-id=\"29a3f78f\" data-element_type=\"widget\" data-widget_type=\"text-editor.default\">\n\t\t\t\t<div class=\"elementor-widget-container\">\n\t\t\t\t\t\t\t\t\t<p><span style=\"font-weight: 400;\">Rozw\u00f3j osobisty jest dzisiaj bardzo popularnym sloganem, a dla niekt\u00f3rych nawet nowym celem w \u017cyciu. Ksi\u0105\u017cki, podcasty, kursy online, coaching \u2013 wszyscy uczymy si\u0119, jak osi\u0105ga\u0107 cele, stawa\u0107 si\u0119 lepszymi wersjami siebie i realizowa\u0107 swoje marzenia. Ale czy zawsze jest to droga do sukcesu? Czy mo\u017cemy przez przypadek wpa\u015b\u0107 w pu\u0142apki popularnego rozwoju osobistego i zamiast faktycznie si\u0119 rozwija\u0107, kr\u0119ci\u0107 si\u0119 w k\u00f3\u0142ko?<\/span><\/p>\t\t\t\t\t\t\t\t<\/div>\n\t\t\t\t<\/div>\n\t\t\t\t<section class=\"elementor-section elementor-inner-section elementor-element elementor-element-6ea08d4 elementor-section-boxed elementor-section-height-default elementor-section-height-default\" data-id=\"6ea08d4\" data-element_type=\"section\">\n\t\t\t\t\t\t<div class=\"elementor-container elementor-column-gap-default\">\n\t\t\t\t\t<div class=\"elementor-column elementor-col-100 elementor-inner-column elementor-element elementor-element-c7cf935\" data-id=\"c7cf935\" data-element_type=\"column\">\n\t\t\t<div class=\"elementor-widget-wrap elementor-element-populated\">\n\t\t\t\t\t\t<div class=\"elementor-element elementor-element-b2b5b17 elementor-widget elementor-widget-text-editor\" data-id=\"b2b5b17\" data-element_type=\"widget\" data-widget_type=\"text-editor.default\">\n\t\t\t\t<div class=\"elementor-widget-container\">\n\t\t\t\t\t\t\t\t\t<h2><b>Czy rozw\u00f3j osobisty mo\u017ce by\u0107 pu\u0142apk\u0105?<\/b><\/h2><p><span style=\"font-weight: 400;\">Wszyscy s\u0142yszeli\u015bmy o \u201epozytywnym my\u015bleniu\u201d, \u201epracy nad sob\u0105\u201d czy \u201ewychodzeniu ze swojej strefy komfortu\u201d. Ale co, je\u015bli nadmierne skupienie si\u0119 na rozwoju paradoksalnie przeszkadza nam dobrze \u017cy\u0107? Rozw\u00f3j osobisty to proces, ale czasami mo\u017ce sta\u0107 si\u0119 obsesj\u0105. Gdy gonimy za kolejnymi celami bez refleksji, mo\u017cemy straci\u0107 to, co najwa\u017cniejsze \u2013 autentyczno\u015b\u0107 i rado\u015b\u0107 z tego, kim ju\u017c jeste\u015bmy. Nie chodzi o to, by zrezygnowa\u0107 z ambicji. Chodzi o to, by rozwija\u0107 si\u0119 \u015bwiadomie, w zgodzie ze sob\u0105, a nie pod presj\u0105 trend\u00f3w.<\/span><\/p><h2><b>Najcz\u0119stsze pu\u0142apki rozwoju osobistego<\/b><\/h2><p><span style=\"font-weight: 400;\">Nie ka\u017cdy spos\u00f3b na samodoskonalenie przynosi oczekiwane rezultaty. Jakie pu\u0142apki najcz\u0119\u015bciej zdarzaj\u0105 si\u0119 na drodze rozwoju osobistego?<\/span><\/p><ul><li style=\"font-weight: 400;\" aria-level=\"1\"><b>Syndrom wiecznego ucznia<\/b><span style=\"font-weight: 400;\"> \u2013 ci\u0105gle czytasz kolejne ksi\u0105\u017cki, chodzisz na szkolenia, ale nie wprowadzasz zdobytej wiedzy w \u017cycie.\u00a0<\/span><\/li><li style=\"font-weight: 400;\" aria-level=\"1\"><b>Brak realnych efekt\u00f3w<\/b><span style=\"font-weight: 400;\"> \u2013 planujesz, wizualizujesz sukces, ale nic si\u0119 nie zmienia. Skuteczny rozw\u00f3j wymaga dzia\u0142ania, a nie tylko my\u015blenia o dzia\u0142aniu.<\/span><\/li><li style=\"font-weight: 400;\" aria-level=\"1\"><b>Por\u00f3wnywanie si\u0119 z innymi<\/b><span style=\"font-weight: 400;\"> \u2013 \u015bledzisz inspiruj\u0105cych ludzi w mediach spo\u0142eczno\u015bciowych i czujesz, \u017ce nigdy nie dor\u00f3wnasz ich osi\u0105gni\u0119ciom. Problem w tym, \u017ce widzisz tylko ich sukcesy, a nie pora\u017cki.<\/span><\/li><li style=\"font-weight: 400;\" aria-level=\"1\"><b>Przeci\u0105\u017cenie celami<\/b><span style=\"font-weight: 400;\"> \u2013 je\u015bli na raz pr\u00f3bujesz osi\u0105gn\u0105\u0107 10 rzeczy, prawdopodobnie \u017cadna z nich si\u0119 nie wydarzy. Mniej znaczy wi\u0119cej.<\/span><\/li><\/ul><h2><b>Jak skutecznie planowa\u0107 sw\u00f3j rozw\u00f3j?<\/b><\/h2><p><span style=\"font-weight: 400;\">Planowanie to klucz, ale nie mo\u017cna zamienia\u0107 go w obsesj\u0119. Zamiast tworzy\u0107 rozbudowane harmonogramy, warto skupi\u0107 si\u0119 na kilku konkretnych i realistycznych celach.<\/span><\/p><p><span style=\"font-weight: 400;\">Zadaj sobie pytanie: <\/span><b>czego tak naprawd\u0119 potrzebuj\u0119? Co da mi najwi\u0119ksz\u0105 warto\u015b\u0107?<\/b><span style=\"font-weight: 400;\"> Zamiast kopiowa\u0107 strategie innych, warto wypracowa\u0107 w\u0142asne podej\u015bcie. Ka\u017cdy z nas ma inne priorytety \u2013 to, co dzia\u0142a dla jednych, niekoniecznie sprawdzi si\u0119 u Ciebie. Najlepiej zaczyna\u0107 od ma\u0142ych krok\u00f3w i monitorowa\u0107 efekty, zamiast od razu zmienia\u0107 ca\u0142e \u017cycie.<\/span><\/p>\t\t\t\t\t\t\t\t<\/div>\n\t\t\t\t<\/div>\n\t\t\t\t\t<\/div>\n\t\t<\/div>\n\t\t\t\t\t<\/div>\n\t\t<\/section>\n\t\t\t\t<section class=\"elementor-section elementor-inner-section elementor-element elementor-element-b5d03b2 elementor-section-boxed elementor-section-height-default elementor-section-height-default\" data-id=\"b5d03b2\" data-element_type=\"section\">\n\t\t\t\t\t\t<div class=\"elementor-container elementor-column-gap-default\">\n\t\t\t\t\t<div class=\"elementor-column elementor-col-100 elementor-inner-column elementor-element elementor-element-8202b4b\" data-id=\"8202b4b\" data-element_type=\"column\">\n\t\t\t<div class=\"elementor-widget-wrap elementor-element-populated\">\n\t\t\t\t\t\t<div class=\"elementor-element elementor-element-27e3e82 elementor-widget elementor-widget-image\" data-id=\"27e3e82\" data-element_type=\"widget\" data-widget_type=\"image.default\">\n\t\t\t\t<div class=\"elementor-widget-container\">\n\t\t\t\t\t\t\t\t\t\t\t\t\t\t\t\t<a href=\"https:\/\/lezio.com\/oferty\/coaching\">\n\t\t\t\t\t\t\t<img fetchpriority=\"high\" decoding=\"async\" width=\"1024\" height=\"373\" src=\"https:\/\/lezio.com\/blog\/wp-content\/uploads\/2024\/11\/widget-coaching-1024x373.png\" class=\"attachment-large size-large wp-image-17396\" alt=\"\" srcset=\"https:\/\/lezio.com\/blog\/wp-content\/uploads\/2024\/11\/widget-coaching-1024x373.png 1024w, https:\/\/lezio.com\/blog\/wp-content\/uploads\/2024\/11\/widget-coaching-300x109.png 300w, https:\/\/lezio.com\/blog\/wp-content\/uploads\/2024\/11\/widget-coaching-768x280.png 768w, https:\/\/lezio.com\/blog\/wp-content\/uploads\/2024\/11\/widget-coaching-1536x560.png 1536w, https:\/\/lezio.com\/blog\/wp-content\/uploads\/2024\/11\/widget-coaching.png 1920w\" sizes=\"(max-width: 1024px) 100vw, 1024px\" \/>\t\t\t\t\t\t\t\t<\/a>\n\t\t\t\t\t\t\t\t\t\t\t\t\t\t\t<\/div>\n\t\t\t\t<\/div>\n\t\t\t\t\t<\/div>\n\t\t<\/div>\n\t\t\t\t\t<\/div>\n\t\t<\/section>\n\t\t\t\t\t<\/div>\n\t\t<\/div>\n\t\t\t\t\t<\/div>\n\t\t<\/section>\n\t\t\t\t<section class=\"elementor-section elementor-top-section elementor-element elementor-element-1963c8d elementor-section-boxed elementor-section-height-default elementor-section-height-default\" data-id=\"1963c8d\" data-element_type=\"section\">\n\t\t\t\t\t\t<div class=\"elementor-container elementor-column-gap-default\">\n\t\t\t\t\t<div class=\"elementor-column elementor-col-100 elementor-top-column elementor-element elementor-element-658f059\" data-id=\"658f059\" data-element_type=\"column\">\n\t\t\t<div class=\"elementor-widget-wrap elementor-element-populated\">\n\t\t\t\t\t\t<div class=\"elementor-element elementor-element-e3eacff elementor-widget elementor-widget-text-editor\" data-id=\"e3eacff\" data-element_type=\"widget\" data-widget_type=\"text-editor.default\">\n\t\t\t\t<div class=\"elementor-widget-container\">\n\t\t\t\t\t\t\t\t\t<h2><b>Narz\u0119dzia i strategie skutecznego rozwoju<\/b><\/h2><p><span style=\"font-weight: 400;\">Nie ka\u017cdy musi stosowa\u0107 te same metody, ale warto korzysta\u0107 ze sprawdzonych narz\u0119dzi:<\/span><\/p><ul><li style=\"font-weight: 400;\" aria-level=\"1\"><b>Czytanie ksi\u0105\u017cek \u2013 ale nie dla samego czytania<\/b><span style=\"font-weight: 400;\">. Wa\u017cniejsze jest wdra\u017canie zdobytej wiedzy w \u017cycie, a nie kolekcjonowanie kolejnych poradnik\u00f3w na p\u00f3\u0142ce.<\/span><\/li><li style=\"font-weight: 400;\" aria-level=\"1\"><b>Regularna refleksja nad w\u0142asnym post\u0119pem<\/b><span style=\"font-weight: 400;\"> \u2013 np. poprzez prowadzenie dziennika, zadawanie sobie pyta\u0144 o to, co dzia\u0142a, a co nie.<\/span><\/li><li style=\"font-weight: 400;\" aria-level=\"1\"><b>Praca nad jednym nawykiem na raz<\/b><span style=\"font-weight: 400;\"> \u2013 zamiast pr\u00f3bowa\u0107 zmienia\u0107 wszystko na raz i szybko si\u0119 zniech\u0119ci\u0107.<\/span><\/li><\/ul><h2><b>Czy warto inwestowa\u0107 w kursy i szkolenia?<\/b><\/h2><p><span style=\"font-weight: 400;\">Kursy i szkolenia s\u0105 fantastycznym wsparciem, ale nie warto traktowa\u0107 ich jako cudownej recepty na sukces. Nie licz na to, \u017ce samo zapisanie si\u0119 na kurs zmieni Twoje \u017cycie. Wa\u017cne jest realne dzia\u0142anie \u2013 je\u015bli zdobyta wiedza nie jest stosowana, jest bezu\u017cyteczna. Zanim zdecydujesz si\u0119 na kolejny kurs, odpowiedz sobie na pytanie: <\/span><b>czy to naprawd\u0119 mi pomo\u017ce, czy tylko odk\u0142adam dzia\u0142anie na p\u00f3\u017aniej, wmawiaj\u0105c sobie, \u017ce jeszcze si\u0119 ucz\u0119?<\/b><\/p><h2><b>Jak unika\u0107 b\u0142\u0119d\u00f3w w rozwoju osobistym?<\/b><\/h2><ul><li style=\"font-weight: 400;\" aria-level=\"1\"><b>Nie b\u0105d\u017a perfekcjonist\u0105<\/b><span style=\"font-weight: 400;\"> \u2013 rozw\u00f3j to proces, nie musisz od razu by\u0107 mistrzem.<\/span><\/li><li style=\"font-weight: 400;\" aria-level=\"1\"><b>Dbaj o relacje z innymi lud\u017ami<\/b><span style=\"font-weight: 400;\"> \u2013 samorozw\u00f3j nie oznacza izolacji. Ludzie wok\u00f3\u0142 Ciebie s\u0105 wa\u017cni i wp\u0142ywaj\u0105 na Tw\u00f3j rozw\u00f3j.<\/span><\/li><li style=\"font-weight: 400;\" aria-level=\"1\"><b>Dopasuj cele do swoich mo\u017cliwo\u015bci<\/b><span style=\"font-weight: 400;\"> \u2013 nie ka\u017cdy cel musi by\u0107 spektakularny. Wa\u017cne, aby by\u0142 osi\u0105galny i przynosi\u0142 satysfakcj\u0119.<\/span><\/li><li style=\"font-weight: 400;\" aria-level=\"1\"><b>Nie tra\u0107 kontaktu z rzeczywisto\u015bci\u0105<\/b><span style=\"font-weight: 400;\"> \u2013 rozw\u00f3j osobisty jest \u015bwietny, ale nie mo\u017ce sta\u0107 si\u0119 ucieczk\u0105 od \u017cycia.<\/span><\/li><\/ul><p><span style=\"font-weight: 400;\">Rozw\u00f3j osobisty jest \u015bwietnym narz\u0119dziem do poprawy jako\u015bci \u017cycia, ale pod warunkiem, \u017ce podchodzimy do niego m\u0105drze. Warto inwestowa\u0107 w siebie, ale pami\u0119taj \u2013 <\/span><b>ju\u017c teraz jeste\u015b wystarczaj\u0105co dobry.<\/b><\/p>\t\t\t\t\t\t\t\t<\/div>\n\t\t\t\t<\/div>\n\t\t\t\t<div class=\"elementor-element elementor-element-68be07f elementor-align-center elementor-widget elementor-widget-button\" data-id=\"68be07f\" data-element_type=\"widget\" data-widget_type=\"button.default\">\n\t\t\t\t<div class=\"elementor-widget-container\">\n\t\t\t\t\t\t\t\t\t<div class=\"elementor-button-wrapper\">\n\t\t\t\t\t<a class=\"elementor-button elementor-button-link elementor-size-md\" href=\"https:\/\/lezio.com\/\">\n\t\t\t\t\t\t<span class=\"elementor-button-content-wrapper\">\n\t\t\t\t\t\t\t\t\t<span class=\"elementor-button-text\">Rozwijaj si\u0119 z kursami na Lezio.com!<\/span>\n\t\t\t\t\t<\/span>\n\t\t\t\t\t<\/a>\n\t\t\t\t<\/div>\n\t\t\t\t\t\t\t\t<\/div>\n\t\t\t\t<\/div>\n\t\t\t\t\t<\/div>\n\t\t<\/div>\n\t\t\t\t\t<\/div>\n\t\t<\/section>\n\t\t\t\t<\/div>\n\t\t","protected":false},"excerpt":{"rendered":"<p>Rozw\u00f3j osobisty jest dzisiaj bardzo popularnym sloganem, a dla niekt\u00f3rych nawet nowym celem w \u017cyciu. Ksi\u0105\u017cki, podcasty, kursy online, coaching \u2013 wszyscy uczymy si\u0119, jak osi\u0105ga\u0107 cele, stawa\u0107 si\u0119 lepszymi<\/p>\n","protected":false},"author":13,"featured_media":17559,"comment_status":"closed","ping_status":"open","sticky":false,"template":"","format":"standard","meta":{"_acf_changed":false,"footnotes":""},"categories":[110,1,3],"tags":[132,129],"class_list":["post-17558","post","type-post","status-publish","format-standard","has-post-thumbnail","hentry","category-sfera-rozwoju","category-porady","category-uczestnik","tag-psychologia","tag-rozwoj-osobisty"],"acf":[],"_links":{"self":[{"href":"https:\/\/lezio.com\/blog\/wp-json\/wp\/v2\/posts\/17558","targetHints":{"allow":["GET"]}}],"collection":[{"href":"https:\/\/lezio.com\/blog\/wp-json\/wp\/v2\/posts"}],"about":[{"href":"https:\/\/lezio.com\/blog\/wp-json\/wp\/v2\/types\/post"}],"author":[{"embeddable":true,"href":"https:\/\/lezio.com\/blog\/wp-json\/wp\/v2\/users\/13"}],"replies":[{"embeddable":true,"href":"https:\/\/lezio.com\/blog\/wp-json\/wp\/v2\/comments?post=17558"}],"version-history":[{"count":10,"href":"https:\/\/lezio.com\/blog\/wp-json\/wp\/v2\/posts\/17558\/revisions"}],"predecessor-version":[{"id":19473,"href":"https:\/\/lezio.com\/blog\/wp-json\/wp\/v2\/posts\/17558\/revisions\/19473"}],"wp:featuredmedia":[{"embeddable":true,"href":"https:\/\/lezio.com\/blog\/wp-json\/wp\/v2\/media\/17559"}],"wp:attachment":[{"href":"https:\/\/lezio.com\/blog\/wp-json\/wp\/v2\/media?parent=17558"}],"wp:term":[{"taxonomy":"category","embeddable":true,"href":"https:\/\/lezio.com\/blog\/wp-json\/wp\/v2\/categories?post=17558"},{"taxonomy":"post_tag","embeddable":true,"href":"https:\/\/lezio.com\/blog\/wp-json\/wp\/v2\/tags?post=17558"}],"curies":[{"name":"wp","href":"https:\/\/api.w.org\/{rel}","templated":true}]}}